{"id":275,"date":"2026-07-23T16:43:08","date_gmt":"2026-07-23T14:43:08","guid":{"rendered":"https:\/\/harjedalensak.se\/?p=275"},"modified":"2026-07-23T16:57:38","modified_gmt":"2026-07-23T14:57:38","slug":"stefan-holmin-tog-hem-totalsegern-i-jamtlandska-onsdagssprinten","status":"publish","type":"post","link":"https:\/\/harjedalensak.se\/?p=275","title":{"rendered":"Stefan Holmin tog hem totalsegern i J\u00e4mtl\u00e4ndska Onsdagssprinten"},"content":{"rendered":"\n<p class=\"wp-block-paragraph\">H\u00e4rjedalens AK gratulerar Stefan Holmin till segern i Appendix K-klassen i \u00e5rets J\u00e4mtl\u00e4ndska Onsdagssprint. Genom stabila prestationer och deltagande i samtliga delt\u00e4vlingar. Och Stefan samlade flest po\u00e4ng och kunde d\u00e4rmed s\u00e4kra totalsegern i den popul\u00e4ra sprintserien.<\/p>\n\n\n\n<p class=\"wp-block-paragraph\">Onsdagssprinten har under sommaren har man k\u00f6rt p\u00e5 motorstadion i Lungre och Krokom samt genom en backt\u00e4vling i Hammarstrand. Serien lockar f\u00f6rare fr\u00e5n hela l\u00e4net och bjuder p\u00e5 b\u00e5de fartfylld k\u00f6rning och trevlig gemenskap.<\/p>\n\n\n\n<p class=\"wp-block-paragraph\">En extra rolig del av \u00e5rets t\u00e4vlande var att Stefan under tv\u00e5 delt\u00e4vlingar hade med sitt barnbarn Fanny Holmin som passagerare. Tack vare m\u00f6jligheten att l\u00f6sa endagslicenser fick Fanny uppleva rallysporten fr\u00e5n f\u00f6rsta parkett \u2013 n\u00e5got som blev uppskattad av dem b\u00e5da. F\u00f6r Fanny blev k\u00e4nslan precis f\u00f6re start en av t\u00e4vlingarnas absoluta h\u00f6jdpunkter. Medan Stefan v\u00e4rdesatte m\u00f6jligheten att dela sitt stora motorsportintresse med n\u00e4sta generation.<\/p>\n\n\n\n<p class=\"wp-block-paragraph\">Trots mindre bekymmer med v\u00e4xell\u00e5dan fungerade den klassiska Opeln utm\u00e4rkt genom serien. F\u00f6r Stefan handlar t\u00e4vlandet inte enbart om resultaten, utan minst lika mycket om k\u00f6rgl\u00e4djen, gemenskapen och upplevelserna runt t\u00e4vlingarna.<\/p>\n\n\n\n<p class=\"wp-block-paragraph\">Som enda deltagare fr\u00e5n H\u00e4rjedalen tilldelades Stefan dessutom ett hederspris f\u00f6r sitt engagemang och sin trogna medverkan. En v\u00e4lf\u00f6rtj\u00e4nt uppskattning f\u00f6r en f\u00f6rare som under m\u00e5nga \u00e5r varit en stark ambassad\u00f6r f\u00f6r H\u00e4rjedalens AK och den historiska rallysporten.<\/p>\n\n\n\n<p class=\"wp-block-paragraph\">Stort grattis till Stefan och Fanny f\u00f6r en minnesv\u00e4rd s\u00e4song, och vi ser fram emot att f\u00e5 se ekipaget p\u00e5 fler t\u00e4vlingar fram\u00f6ver.<\/p>\n","protected":false},"excerpt":{"rendered":"<p>H\u00e4rjedalens AK gratulerar Stefan Holmin till segern i Appendix K-klassen i \u00e5rets J\u00e4mtl\u00e4ndska Onsdagssprint. Genom stabila prestationer och<\/p>\n","protected":false},"author":1,"featured_media":277,"comment_status":"closed","ping_status":"closed","sticky":false,"template":"","format":"standard","meta":{"_jetpack_newsletter_access":"","_jetpack_dont_email_post_to_subs":false,"_jetpack_newsletter_tier_id":0,"_jetpack_memberships_contains_paywalled_content":false,"_jetpack_memberships_contains_paid_content":false,"footnotes":""},"categories":[3],"tags":[],"class_list":["post-275","post","type-post","status-publish","format-standard","has-post-thumbnail","hentry","category-bil"],"yoast_head":"<!-- This site is optimized with the Yoast SEO plugin v28.3 - https:\/\/yoast.com\/product\/yoast-seo-wordpress\/ -->\n<title>Stefan Holmin tog hem totalsegern i J\u00e4mtl\u00e4ndska Onsdagssprinten - H\u00e4rjedalens automobilklubb<\/title>\n<meta name=\"robots\" content=\"index, follow, max-snippet:-1, max-image-preview:large, max-video-preview:-1\" \/>\n<link rel=\"canonical\" href=\"https:\/\/harjedalensak.se\/?p=275\" \/>\n<meta property=\"og:locale\" content=\"sv_SE\" \/>\n<meta property=\"og:type\" content=\"article\" \/>\n<meta property=\"og:title\" content=\"Stefan Holmin tog hem totalsegern i J\u00e4mtl\u00e4ndska Onsdagssprinten - H\u00e4rjedalens automobilklubb\" \/>\n<meta property=\"og:description\" content=\"H\u00e4rjedalens AK gratulerar Stefan Holmin till segern i Appendix K-klassen i \u00e5rets J\u00e4mtl\u00e4ndska Onsdagssprint. Genom stabila prestationer och\" \/>\n<meta property=\"og:url\" content=\"https:\/\/harjedalensak.se\/?p=275\" \/>\n<meta property=\"og:site_name\" content=\"H\u00e4rjedalens automobilklubb\" \/>\n<meta property=\"article:published_time\" content=\"2026-07-23T14:43:08+00:00\" \/>\n<meta property=\"article:modified_time\" content=\"2026-07-23T14:57:38+00:00\" \/>\n<meta property=\"og:image\" content=\"https:\/\/harjedalensak.se\/wp-content\/uploads\/2026\/07\/Stefan-och-Fanny.png\" \/>\n\t<meta property=\"og:image:width\" content=\"827\" \/>\n\t<meta property=\"og:image:height\" content=\"584\" \/>\n\t<meta property=\"og:image:type\" content=\"image\/png\" \/>\n<meta name=\"author\" content=\"admin\" \/>\n<meta name=\"twitter:card\" content=\"summary_large_image\" \/>\n<meta name=\"twitter:label1\" content=\"Skriven av\" \/>\n\t<meta name=\"twitter:data1\" content=\"admin\" \/>\n\t<meta name=\"twitter:label2\" content=\"Ber\u00e4knad l\u00e4stid\" \/>\n\t<meta name=\"twitter:data2\" content=\"2 minuter\" \/>\n<script type=\"application\/ld+json\" class=\"yoast-schema-graph\">{\"@context\":\"https:\\\/\\\/schema.org\",\"@graph\":[{\"@type\":\"Article\",\"@id\":\"https:\\\/\\\/harjedalensak.se\\\/?p=275#article\",\"isPartOf\":{\"@id\":\"https:\\\/\\\/harjedalensak.se\\\/?p=275\"},\"author\":{\"name\":\"admin\",\"@id\":\"https:\\\/\\\/harjedalensak.se\\\/#\\\/schema\\\/person\\\/ffc3b3a3d0fe617639e83c1b4fa7f321\"},\"headline\":\"Stefan Holmin tog hem totalsegern i J\u00e4mtl\u00e4ndska Onsdagssprinten\",\"datePublished\":\"2026-07-23T14:43:08+00:00\",\"dateModified\":\"2026-07-23T14:57:38+00:00\",\"mainEntityOfPage\":{\"@id\":\"https:\\\/\\\/harjedalensak.se\\\/?p=275\"},\"wordCount\":293,\"publisher\":{\"@id\":\"https:\\\/\\\/harjedalensak.se\\\/#organization\"},\"image\":{\"@id\":\"https:\\\/\\\/harjedalensak.se\\\/?p=275#primaryimage\"},\"thumbnailUrl\":\"https:\\\/\\\/harjedalensak.se\\\/wp-content\\\/uploads\\\/2026\\\/07\\\/Stefan-och-Fanny.png\",\"articleSection\":[\"Bil\"],\"inLanguage\":\"sv-SE\"},{\"@type\":\"WebPage\",\"@id\":\"https:\\\/\\\/harjedalensak.se\\\/?p=275\",\"url\":\"https:\\\/\\\/harjedalensak.se\\\/?p=275\",\"name\":\"Stefan Holmin tog hem totalsegern i J\u00e4mtl\u00e4ndska Onsdagssprinten - H\u00e4rjedalens automobilklubb\",\"isPartOf\":{\"@id\":\"https:\\\/\\\/harjedalensak.se\\\/#website\"},\"primaryImageOfPage\":{\"@id\":\"https:\\\/\\\/harjedalensak.se\\\/?p=275#primaryimage\"},\"image\":{\"@id\":\"https:\\\/\\\/harjedalensak.se\\\/?p=275#primaryimage\"},\"thumbnailUrl\":\"https:\\\/\\\/harjedalensak.se\\\/wp-content\\\/uploads\\\/2026\\\/07\\\/Stefan-och-Fanny.png\",\"datePublished\":\"2026-07-23T14:43:08+00:00\",\"dateModified\":\"2026-07-23T14:57:38+00:00\",\"breadcrumb\":{\"@id\":\"https:\\\/\\\/harjedalensak.se\\\/?p=275#breadcrumb\"},\"inLanguage\":\"sv-SE\",\"potentialAction\":[{\"@type\":\"ReadAction\",\"target\":[\"https:\\\/\\\/harjedalensak.se\\\/?p=275\"]}]},{\"@type\":\"ImageObject\",\"inLanguage\":\"sv-SE\",\"@id\":\"https:\\\/\\\/harjedalensak.se\\\/?p=275#primaryimage\",\"url\":\"https:\\\/\\\/harjedalensak.se\\\/wp-content\\\/uploads\\\/2026\\\/07\\\/Stefan-och-Fanny.png\",\"contentUrl\":\"https:\\\/\\\/harjedalensak.se\\\/wp-content\\\/uploads\\\/2026\\\/07\\\/Stefan-och-Fanny.png\",\"width\":827,\"height\":584},{\"@type\":\"BreadcrumbList\",\"@id\":\"https:\\\/\\\/harjedalensak.se\\\/?p=275#breadcrumb\",\"itemListElement\":[{\"@type\":\"ListItem\",\"position\":1,\"name\":\"Hem\",\"item\":\"https:\\\/\\\/harjedalensak.se\\\/\"},{\"@type\":\"ListItem\",\"position\":2,\"name\":\"Stefan Holmin tog hem totalsegern i J\u00e4mtl\u00e4ndska Onsdagssprinten\"}]},{\"@type\":\"WebSite\",\"@id\":\"https:\\\/\\\/harjedalensak.se\\\/#website\",\"url\":\"https:\\\/\\\/harjedalensak.se\\\/\",\"name\":\"H\u00e4rjedalens automobilklubb\",\"description\":\"H\u00e4rjedalens Automobilklubb\",\"publisher\":{\"@id\":\"https:\\\/\\\/harjedalensak.se\\\/#organization\"},\"potentialAction\":[{\"@type\":\"SearchAction\",\"target\":{\"@type\":\"EntryPoint\",\"urlTemplate\":\"https:\\\/\\\/harjedalensak.se\\\/?s={search_term_string}\"},\"query-input\":{\"@type\":\"PropertyValueSpecification\",\"valueRequired\":true,\"valueName\":\"search_term_string\"}}],\"inLanguage\":\"sv-SE\"},{\"@type\":\"Organization\",\"@id\":\"https:\\\/\\\/harjedalensak.se\\\/#organization\",\"name\":\"H\u00e4rjedalens automobilklubb\",\"url\":\"https:\\\/\\\/harjedalensak.se\\\/\",\"logo\":{\"@type\":\"ImageObject\",\"inLanguage\":\"sv-SE\",\"@id\":\"https:\\\/\\\/harjedalensak.se\\\/#\\\/schema\\\/logo\\\/image\\\/\",\"url\":\"https:\\\/\\\/harjedalensak.se\\\/wp-content\\\/uploads\\\/2026\\\/02\\\/347918764_475657271410900_7342131693801944877_n.png\",\"contentUrl\":\"https:\\\/\\\/harjedalensak.se\\\/wp-content\\\/uploads\\\/2026\\\/02\\\/347918764_475657271410900_7342131693801944877_n.png\",\"width\":509,\"height\":501,\"caption\":\"H\u00e4rjedalens automobilklubb\"},\"image\":{\"@id\":\"https:\\\/\\\/harjedalensak.se\\\/#\\\/schema\\\/logo\\\/image\\\/\"}},{\"@type\":\"Person\",\"@id\":\"https:\\\/\\\/harjedalensak.se\\\/#\\\/schema\\\/person\\\/ffc3b3a3d0fe617639e83c1b4fa7f321\",\"name\":\"admin\",\"image\":{\"@type\":\"ImageObject\",\"inLanguage\":\"sv-SE\",\"@id\":\"https:\\\/\\\/secure.gravatar.com\\\/avatar\\\/049a4d267697d2c92c54d0b1667357fb00d66839add57ec4a5d2259f26092f6b?s=96&d=mm&r=g\",\"url\":\"https:\\\/\\\/secure.gravatar.com\\\/avatar\\\/049a4d267697d2c92c54d0b1667357fb00d66839add57ec4a5d2259f26092f6b?s=96&d=mm&r=g\",\"contentUrl\":\"https:\\\/\\\/secure.gravatar.com\\\/avatar\\\/049a4d267697d2c92c54d0b1667357fb00d66839add57ec4a5d2259f26092f6b?s=96&d=mm&r=g\",\"caption\":\"admin\"},\"sameAs\":[\"https:\\\/\\\/harjedalensak.se\"],\"url\":\"https:\\\/\\\/harjedalensak.se\\\/?author=1\"}]}<\/script>\n<!-- \/ Yoast SEO plugin. -->","yoast_head_json":{"title":"Stefan Holmin tog hem totalsegern i J\u00e4mtl\u00e4ndska Onsdagssprinten - H\u00e4rjedalens automobilklubb","robots":{"index":"index","follow":"follow","max-snippet":"max-snippet:-1","max-image-preview":"max-image-preview:large","max-video-preview":"max-video-preview:-1"},"canonical":"https:\/\/harjedalensak.se\/?p=275","og_locale":"sv_SE","og_type":"article","og_title":"Stefan Holmin tog hem totalsegern i J\u00e4mtl\u00e4ndska Onsdagssprinten - H\u00e4rjedalens automobilklubb","og_description":"H\u00e4rjedalens AK gratulerar Stefan Holmin till segern i Appendix K-klassen i \u00e5rets J\u00e4mtl\u00e4ndska Onsdagssprint. Genom stabila prestationer och","og_url":"https:\/\/harjedalensak.se\/?p=275","og_site_name":"H\u00e4rjedalens automobilklubb","article_published_time":"2026-07-23T14:43:08+00:00","article_modified_time":"2026-07-23T14:57:38+00:00","og_image":[{"width":827,"height":584,"url":"https:\/\/harjedalensak.se\/wp-content\/uploads\/2026\/07\/Stefan-och-Fanny.png","type":"image\/png"}],"author":"admin","twitter_card":"summary_large_image","twitter_misc":{"Skriven av":"admin","Ber\u00e4knad l\u00e4stid":"2 minuter"},"schema":{"@context":"https:\/\/schema.org","@graph":[{"@type":"Article","@id":"https:\/\/harjedalensak.se\/?p=275#article","isPartOf":{"@id":"https:\/\/harjedalensak.se\/?p=275"},"author":{"name":"admin","@id":"https:\/\/harjedalensak.se\/#\/schema\/person\/ffc3b3a3d0fe617639e83c1b4fa7f321"},"headline":"Stefan Holmin tog hem totalsegern i J\u00e4mtl\u00e4ndska Onsdagssprinten","datePublished":"2026-07-23T14:43:08+00:00","dateModified":"2026-07-23T14:57:38+00:00","mainEntityOfPage":{"@id":"https:\/\/harjedalensak.se\/?p=275"},"wordCount":293,"publisher":{"@id":"https:\/\/harjedalensak.se\/#organization"},"image":{"@id":"https:\/\/harjedalensak.se\/?p=275#primaryimage"},"thumbnailUrl":"https:\/\/harjedalensak.se\/wp-content\/uploads\/2026\/07\/Stefan-och-Fanny.png","articleSection":["Bil"],"inLanguage":"sv-SE"},{"@type":"WebPage","@id":"https:\/\/harjedalensak.se\/?p=275","url":"https:\/\/harjedalensak.se\/?p=275","name":"Stefan Holmin tog hem totalsegern i J\u00e4mtl\u00e4ndska Onsdagssprinten - H\u00e4rjedalens automobilklubb","isPartOf":{"@id":"https:\/\/harjedalensak.se\/#website"},"primaryImageOfPage":{"@id":"https:\/\/harjedalensak.se\/?p=275#primaryimage"},"image":{"@id":"https:\/\/harjedalensak.se\/?p=275#primaryimage"},"thumbnailUrl":"https:\/\/harjedalensak.se\/wp-content\/uploads\/2026\/07\/Stefan-och-Fanny.png","datePublished":"2026-07-23T14:43:08+00:00","dateModified":"2026-07-23T14:57:38+00:00","breadcrumb":{"@id":"https:\/\/harjedalensak.se\/?p=275#breadcrumb"},"inLanguage":"sv-SE","potentialAction":[{"@type":"ReadAction","target":["https:\/\/harjedalensak.se\/?p=275"]}]},{"@type":"ImageObject","inLanguage":"sv-SE","@id":"https:\/\/harjedalensak.se\/?p=275#primaryimage","url":"https:\/\/harjedalensak.se\/wp-content\/uploads\/2026\/07\/Stefan-och-Fanny.png","contentUrl":"https:\/\/harjedalensak.se\/wp-content\/uploads\/2026\/07\/Stefan-och-Fanny.png","width":827,"height":584},{"@type":"BreadcrumbList","@id":"https:\/\/harjedalensak.se\/?p=275#breadcrumb","itemListElement":[{"@type":"ListItem","position":1,"name":"Hem","item":"https:\/\/harjedalensak.se\/"},{"@type":"ListItem","position":2,"name":"Stefan Holmin tog hem totalsegern i J\u00e4mtl\u00e4ndska Onsdagssprinten"}]},{"@type":"WebSite","@id":"https:\/\/harjedalensak.se\/#website","url":"https:\/\/harjedalensak.se\/","name":"H\u00e4rjedalens automobilklubb","description":"H\u00e4rjedalens Automobilklubb","publisher":{"@id":"https:\/\/harjedalensak.se\/#organization"},"potentialAction":[{"@type":"SearchAction","target":{"@type":"EntryPoint","urlTemplate":"https:\/\/harjedalensak.se\/?s={search_term_string}"},"query-input":{"@type":"PropertyValueSpecification","valueRequired":true,"valueName":"search_term_string"}}],"inLanguage":"sv-SE"},{"@type":"Organization","@id":"https:\/\/harjedalensak.se\/#organization","name":"H\u00e4rjedalens automobilklubb","url":"https:\/\/harjedalensak.se\/","logo":{"@type":"ImageObject","inLanguage":"sv-SE","@id":"https:\/\/harjedalensak.se\/#\/schema\/logo\/image\/","url":"https:\/\/harjedalensak.se\/wp-content\/uploads\/2026\/02\/347918764_475657271410900_7342131693801944877_n.png","contentUrl":"https:\/\/harjedalensak.se\/wp-content\/uploads\/2026\/02\/347918764_475657271410900_7342131693801944877_n.png","width":509,"height":501,"caption":"H\u00e4rjedalens automobilklubb"},"image":{"@id":"https:\/\/harjedalensak.se\/#\/schema\/logo\/image\/"}},{"@type":"Person","@id":"https:\/\/harjedalensak.se\/#\/schema\/person\/ffc3b3a3d0fe617639e83c1b4fa7f321","name":"admin","image":{"@type":"ImageObject","inLanguage":"sv-SE","@id":"https:\/\/secure.gravatar.com\/avatar\/049a4d267697d2c92c54d0b1667357fb00d66839add57ec4a5d2259f26092f6b?s=96&d=mm&r=g","url":"https:\/\/secure.gravatar.com\/avatar\/049a4d267697d2c92c54d0b1667357fb00d66839add57ec4a5d2259f26092f6b?s=96&d=mm&r=g","contentUrl":"https:\/\/secure.gravatar.com\/avatar\/049a4d267697d2c92c54d0b1667357fb00d66839add57ec4a5d2259f26092f6b?s=96&d=mm&r=g","caption":"admin"},"sameAs":["https:\/\/harjedalensak.se"],"url":"https:\/\/harjedalensak.se\/?author=1"}]}},"jetpack_sharing_enabled":true,"jetpack_featured_media_url":"https:\/\/harjedalensak.se\/wp-content\/uploads\/2026\/07\/Stefan-och-Fanny.png","_links":{"self":[{"href":"https:\/\/harjedalensak.se\/index.php?rest_route=\/wp\/v2\/posts\/275","targetHints":{"allow":["GET"]}}],"collection":[{"href":"https:\/\/harjedalensak.se\/index.php?rest_route=\/wp\/v2\/posts"}],"about":[{"href":"https:\/\/harjedalensak.se\/index.php?rest_route=\/wp\/v2\/types\/post"}],"author":[{"embeddable":true,"href":"https:\/\/harjedalensak.se\/index.php?rest_route=\/wp\/v2\/users\/1"}],"replies":[{"embeddable":true,"href":"https:\/\/harjedalensak.se\/index.php?rest_route=%2Fwp%2Fv2%2Fcomments&post=275"}],"version-history":[{"count":1,"href":"https:\/\/harjedalensak.se\/index.php?rest_route=\/wp\/v2\/posts\/275\/revisions"}],"predecessor-version":[{"id":276,"href":"https:\/\/harjedalensak.se\/index.php?rest_route=\/wp\/v2\/posts\/275\/revisions\/276"}],"wp:featuredmedia":[{"embeddable":true,"href":"https:\/\/harjedalensak.se\/index.php?rest_route=\/wp\/v2\/media\/277"}],"wp:attachment":[{"href":"https:\/\/harjedalensak.se\/index.php?rest_route=%2Fwp%2Fv2%2Fmedia&parent=275"}],"wp:term":[{"taxonomy":"category","embeddable":true,"href":"https:\/\/harjedalensak.se\/index.php?rest_route=%2Fwp%2Fv2%2Fcategories&post=275"},{"taxonomy":"post_tag","embeddable":true,"href":"https:\/\/harjedalensak.se\/index.php?rest_route=%2Fwp%2Fv2%2Ftags&post=275"}],"curies":[{"name":"wp","href":"https:\/\/api.w.org\/{rel}","templated":true}]}}