{"id":283,"date":"2026-08-13T11:52:06","date_gmt":"2026-08-13T09:52:06","guid":{"rendered":"https:\/\/harjedalensak.se\/?p=283"},"modified":"2026-08-24T11:54:06","modified_gmt":"2026-08-24T09:54:06","slug":"hak-forare-avslutade-dala-watercross-cup-med-dramatik-och-serieseger","status":"publish","type":"post","link":"https:\/\/harjedalensak.se\/?p=283","title":{"rendered":"HAK-f\u00f6rare avslutade Dala Watercross Cup med dramatik och serieseger"},"content":{"rendered":"\n<p class=\"wp-block-paragraph\">S\u00e4songens sista delt\u00e4vling i Dala Watercross Cup blev en minst sagt h\u00e4ndelserik dag f\u00f6r H\u00e4rjedalens AK. P\u00e5 startlinjen fanns v\u00e5ra f\u00f6rare <strong>Jon Liljedahl, Felix Eriksson och M\u00e5ns Hedberg<\/strong>, som alla fick k\u00e4nna p\u00e5 b\u00e5de framg\u00e5ngar och dramatik under t\u00e4vlingsdagen.<\/p>\n\n\n\n<p class=\"wp-block-paragraph\">F\u00f6r Jon Liljedahl blev dagen en riktig berg- och dalbana. Jon visade direkt att farten fanns d\u00e4r och vann sitt f\u00f6rsta kvalheat.<\/p>\n\n\n\n<p class=\"wp-block-paragraph\">I det andra kvalheatet kom d\u00e4remot ett rej\u00e4lt bakslag. Jons motor gav upp p\u00e5 ett minst sagt spektakul\u00e4rt s\u00e4tt n\u00e4r <strong>vevstaken tittade ut genom motorblocket<\/strong>. Det s\u00e5g l\u00e4nge ut som att t\u00e4vlingsdagen kunde vara \u00f6ver.<\/p>\n\n\n\n<p class=\"wp-block-paragraph\">Men d\u00e4r visade Jons team \u00e5terigen vilken otrolig insats de kan leverera. P\u00e5 mycket kort tid lyckades teamet <strong>byta motor<\/strong>, s\u00e5 att Jon kunde komma till start igen i det tredje kvalet. En imponerande laginsats som gjorde det m\u00f6jligt f\u00f6r Jon att forts\u00e4tta jakten p\u00e5 segern.<\/p>\n\n\n\n<p class=\"wp-block-paragraph\">Och vilken comeback det blev!<\/p>\n\n\n\n<p class=\"wp-block-paragraph\">Trots motorhaveriet lyckades Jon k\u00e4mpa sig vidare fr\u00e5n C-final och tog sig hela v\u00e4gen till <strong>A-finalen<\/strong>, d\u00e4r han slutligen kunde g\u00e5 i m\u00e5l som <strong>segrare<\/strong>.<\/p>\n\n\n\n<p class=\"wp-block-paragraph\">Men dagen slutade inte d\u00e4r. Eftersom detta var den sista delt\u00e4vlingen i Dala Watercross Cup stod det ocks\u00e5 klart att <strong>Jon Liljedahl vinner hela serien!<\/strong> Ett fantastiskt resultat och ett v\u00e4lf\u00f6rtj\u00e4nt kvitto p\u00e5 den j\u00e4mnhet och fart som Jon visat under s\u00e4songen.<\/p>\n\n\n\n<h3 class=\"wp-block-heading\">Stark start f\u00f6r M\u00e5ns \u2013 sedan en ot\u00e4ck krasch<\/h3>\n\n\n\n<p class=\"wp-block-paragraph\">\u00c4ven M\u00e5ns Hedberg visade tidigt fin fart. I sitt f\u00f6rsta kvalheat tog M\u00e5ns en \u00f6vertygande seger med sex po\u00e4ng och en tid p\u00e5 2:00.53.<\/p>\n\n\n\n<p class=\"wp-block-paragraph\">I det andra kvalheatet gick det d\u00e4remot riktigt illa. M\u00e5ns r\u00e5kade ut f\u00f6r en <strong>mycket kraftig krasch<\/strong> och fick efter olyckan f\u00f6ras till lasarettet i Mora f\u00f6r kontroll och \u00f6versyn.<\/p>\n\n\n\n<p class=\"wp-block-paragraph\">Gl\u00e4djande nog visade unders\u00f6kningarna att <strong>inga allvarliga skador hittades<\/strong>. Efter den ot\u00e4cka kraschen \u00e4r det naturligtvis det allra viktigaste att M\u00e5ns \u00e4r okej.<\/p>\n\n\n\n<h3 class=\"wp-block-heading\">Felix k\u00e4mpade p\u00e5<\/h3>\n\n\n\n<p class=\"wp-block-paragraph\">Felix Eriksson stod ocks\u00e5 f\u00f6r en stabil insats under t\u00e4vlingsdagen. Han tog bland annat en heatseger i sitt kval och visade bra fart p\u00e5 vattnet. I den sammanlagda kvalst\u00e4llningen slutade Felix p\u00e5 14 plats med 12 po\u00e4ng.<\/p>\n\n\n\n<h3 class=\"wp-block-heading\">En dag att minnas f\u00f6r HAK<\/h3>\n\n\n\n<p class=\"wp-block-paragraph\">Det blev med andra ord en t\u00e4vlingsdag som inneh\u00f6ll det mesta \u2013 motorhaveri, ot\u00e4ck krasch, starka comebackinsatser och framf\u00f6r allt en <strong>serieseger f\u00f6r H\u00e4rjedalens AK<\/strong>.<\/p>\n\n\n\n<p class=\"wp-block-paragraph\">Ett stort grattis till <strong>Jon Liljedahl<\/strong> till segern i b\u00e5de delt\u00e4vlingen och Dala Watercross Cup!<\/p>\n\n\n\n<p class=\"wp-block-paragraph\">Och ett stort tack till hela teamet runt Jon f\u00f6r den fantastiska insatsen med motorbytet. Utan ett otroligt team bakom f\u00f6raren hade den h\u00e4r dagen kunnat sluta p\u00e5 ett helt annat s\u00e4tt.<\/p>\n\n\n\n<p class=\"wp-block-paragraph\">Vi vill ocks\u00e5 rikta ett stort ber\u00f6m till <strong>Felix Eriksson och M\u00e5ns Hedberg<\/strong> f\u00f6r deras insatser under dagen.<\/p>\n\n\n\n<p class=\"wp-block-paragraph\"><strong>HAK kan \u00e5terigen stolt konstatera att vi har f\u00f6rare som levererar p\u00e5 h\u00f6gsta niv\u00e5!<\/strong><\/p>\n\n\n\n<p class=\"wp-block-paragraph\">Vill ni se t\u00e4vlingen s\u00e5 finns den p\u00e5 <a href=\"https:\/\/www.youtube.com\/watch?v=VWXgro49fEQ\" data-type=\"link\" data-id=\"https:\/\/www.youtube.com\/watch?v=VWXgro49fEQ\">Youtube<\/a><\/p>\n\n\n\n<figure class=\"wp-block-image size-large\"><img loading=\"lazy\" decoding=\"async\" width=\"1024\" height=\"473\" src=\"https:\/\/harjedalensak.se\/wp-content\/uploads\/2026\/08\/WhatsApp-Image-2026-08-07-at-17.29.20-1024x473.jpeg\" alt=\"\" class=\"wp-image-287\" srcset=\"https:\/\/harjedalensak.se\/wp-content\/uploads\/2026\/08\/WhatsApp-Image-2026-08-07-at-17.29.20-1024x473.jpeg 1024w, https:\/\/harjedalensak.se\/wp-content\/uploads\/2026\/08\/WhatsApp-Image-2026-08-07-at-17.29.20-300x139.jpeg 300w, https:\/\/harjedalensak.se\/wp-content\/uploads\/2026\/08\/WhatsApp-Image-2026-08-07-at-17.29.20-768x355.jpeg 768w, https:\/\/harjedalensak.se\/wp-content\/uploads\/2026\/08\/WhatsApp-Image-2026-08-07-at-17.29.20-1536x709.jpeg 1536w, https:\/\/harjedalensak.se\/wp-content\/uploads\/2026\/08\/WhatsApp-Image-2026-08-07-at-17.29.20.jpeg 1600w\" sizes=\"auto, (max-width: 1024px) 100vw, 1024px\" \/><\/figure>\n\n\n\n<figure class=\"wp-block-image size-large\"><img loading=\"lazy\" decoding=\"async\" width=\"1024\" height=\"473\" src=\"https:\/\/harjedalensak.se\/wp-content\/uploads\/2026\/08\/WhatsApp-Image-2026-08-07-at-17.29.18-1024x473.jpeg\" alt=\"\" class=\"wp-image-286\" srcset=\"https:\/\/harjedalensak.se\/wp-content\/uploads\/2026\/08\/WhatsApp-Image-2026-08-07-at-17.29.18-1024x473.jpeg 1024w, https:\/\/harjedalensak.se\/wp-content\/uploads\/2026\/08\/WhatsApp-Image-2026-08-07-at-17.29.18-300x139.jpeg 300w, https:\/\/harjedalensak.se\/wp-content\/uploads\/2026\/08\/WhatsApp-Image-2026-08-07-at-17.29.18-768x355.jpeg 768w, https:\/\/harjedalensak.se\/wp-content\/uploads\/2026\/08\/WhatsApp-Image-2026-08-07-at-17.29.18-1536x709.jpeg 1536w, https:\/\/harjedalensak.se\/wp-content\/uploads\/2026\/08\/WhatsApp-Image-2026-08-07-at-17.29.18.jpeg 1600w\" sizes=\"auto, (max-width: 1024px) 100vw, 1024px\" \/><\/figure>\n\n\n\n<figure class=\"wp-block-image size-large\"><img loading=\"lazy\" decoding=\"async\" width=\"1024\" height=\"473\" src=\"https:\/\/harjedalensak.se\/wp-content\/uploads\/2026\/08\/WhatsApp-Image-2026-08-07-at-17.29.06-1024x473.jpeg\" alt=\"\" class=\"wp-image-288\" srcset=\"https:\/\/harjedalensak.se\/wp-content\/uploads\/2026\/08\/WhatsApp-Image-2026-08-07-at-17.29.06-1024x473.jpeg 1024w, https:\/\/harjedalensak.se\/wp-content\/uploads\/2026\/08\/WhatsApp-Image-2026-08-07-at-17.29.06-300x139.jpeg 300w, https:\/\/harjedalensak.se\/wp-content\/uploads\/2026\/08\/WhatsApp-Image-2026-08-07-at-17.29.06-768x355.jpeg 768w, https:\/\/harjedalensak.se\/wp-content\/uploads\/2026\/08\/WhatsApp-Image-2026-08-07-at-17.29.06-1536x709.jpeg 1536w, https:\/\/harjedalensak.se\/wp-content\/uploads\/2026\/08\/WhatsApp-Image-2026-08-07-at-17.29.06.jpeg 1600w\" sizes=\"auto, (max-width: 1024px) 100vw, 1024px\" \/><\/figure>\n\n\n\n<figure class=\"wp-block-image size-large\"><img loading=\"lazy\" decoding=\"async\" width=\"473\" height=\"1024\" src=\"https:\/\/harjedalensak.se\/wp-content\/uploads\/2026\/08\/WhatsApp-Image-2026-08-07-at-17.29.04-473x1024.jpeg\" alt=\"\" class=\"wp-image-289\" srcset=\"https:\/\/harjedalensak.se\/wp-content\/uploads\/2026\/08\/WhatsApp-Image-2026-08-07-at-17.29.04-473x1024.jpeg 473w, https:\/\/harjedalensak.se\/wp-content\/uploads\/2026\/08\/WhatsApp-Image-2026-08-07-at-17.29.04-139x300.jpeg 139w, https:\/\/harjedalensak.se\/wp-content\/uploads\/2026\/08\/WhatsApp-Image-2026-08-07-at-17.29.04-709x1536.jpeg 709w, https:\/\/harjedalensak.se\/wp-content\/uploads\/2026\/08\/WhatsApp-Image-2026-08-07-at-17.29.04.jpeg 739w\" sizes=\"auto, (max-width: 473px) 100vw, 473px\" \/><\/figure>\n","protected":false},"excerpt":{"rendered":"<p>S\u00e4songens sista delt\u00e4vling i Dala Watercross Cup blev en minst sagt h\u00e4ndelserik dag f\u00f6r H\u00e4rjedalens AK. P\u00e5 startlinjen<\/p>\n","protected":false},"author":1,"featured_media":0,"comment_status":"closed","ping_status":"closed","sticky":false,"template":"","format":"standard","meta":{"_jetpack_newsletter_access":"","_jetpack_dont_email_post_to_subs":false,"_jetpack_newsletter_tier_id":0,"_jetpack_memberships_contains_paywalled_content":false,"_jetpack_memberships_contains_paid_content":false,"footnotes":""},"categories":[4],"tags":[],"class_list":["post-283","post","type-post","status-publish","format-standard","hentry","category-snoskoter"],"yoast_head":"<!-- This site is optimized with the Yoast SEO plugin v28.3 - https:\/\/yoast.com\/product\/yoast-seo-wordpress\/ -->\n<title>HAK-f\u00f6rare avslutade Dala Watercross Cup med dramatik - H\u00e4rjedalens automobilklubb<\/title>\n<meta name=\"description\" content=\"S\u00e4songens sista delt\u00e4vling i Dala Watercross Cup blev en minst sagt h\u00e4ndelserik dag f\u00f6r H\u00e4rjedalens AK. P\u00e5 startlinjen fanns v\u00e5ra f\u00f6rare Jon Liljedahl, Felix Eriksson och M\u00e5ns Hedberg,\" \/>\n<meta name=\"robots\" content=\"index, follow, max-snippet:-1, max-image-preview:large, max-video-preview:-1\" \/>\n<link rel=\"canonical\" href=\"https:\/\/harjedalensak.se\/?p=283\" \/>\n<meta property=\"og:locale\" content=\"sv_SE\" \/>\n<meta property=\"og:type\" content=\"article\" \/>\n<meta property=\"og:title\" content=\"HAK-f\u00f6rare avslutade Dala Watercross Cup med dramatik - H\u00e4rjedalens automobilklubb\" \/>\n<meta property=\"og:description\" content=\"S\u00e4songens sista delt\u00e4vling i Dala Watercross Cup blev en minst sagt h\u00e4ndelserik dag f\u00f6r H\u00e4rjedalens AK. P\u00e5 startlinjen fanns v\u00e5ra f\u00f6rare Jon Liljedahl, Felix Eriksson och M\u00e5ns Hedberg,\" \/>\n<meta property=\"og:url\" content=\"https:\/\/harjedalensak.se\/?p=283\" \/>\n<meta property=\"og:site_name\" content=\"H\u00e4rjedalens automobilklubb\" \/>\n<meta property=\"article:published_time\" content=\"2026-08-13T09:52:06+00:00\" \/>\n<meta property=\"article:modified_time\" content=\"2026-08-24T09:54:06+00:00\" \/>\n<meta property=\"og:image\" content=\"https:\/\/harjedalensak.se\/wp-content\/uploads\/2026\/08\/WhatsApp-Image-2026-08-07-at-17.29.20-1024x473.jpeg\" \/>\n<meta name=\"author\" content=\"admin\" \/>\n<meta name=\"twitter:card\" content=\"summary_large_image\" \/>\n<meta name=\"twitter:label1\" content=\"Skriven av\" \/>\n\t<meta name=\"twitter:data1\" content=\"admin\" \/>\n\t<meta name=\"twitter:label2\" content=\"Ber\u00e4knad l\u00e4stid\" \/>\n\t<meta name=\"twitter:data2\" content=\"4 minuter\" \/>\n<script type=\"application\/ld+json\" class=\"yoast-schema-graph\">{\"@context\":\"https:\\\/\\\/schema.org\",\"@graph\":[{\"@type\":\"Article\",\"@id\":\"https:\\\/\\\/harjedalensak.se\\\/?p=283#article\",\"isPartOf\":{\"@id\":\"https:\\\/\\\/harjedalensak.se\\\/?p=283\"},\"author\":{\"name\":\"admin\",\"@id\":\"https:\\\/\\\/harjedalensak.se\\\/#\\\/schema\\\/person\\\/ffc3b3a3d0fe617639e83c1b4fa7f321\"},\"headline\":\"HAK-f\u00f6rare avslutade Dala Watercross Cup med dramatik och serieseger\",\"datePublished\":\"2026-08-13T09:52:06+00:00\",\"dateModified\":\"2026-08-24T09:54:06+00:00\",\"mainEntityOfPage\":{\"@id\":\"https:\\\/\\\/harjedalensak.se\\\/?p=283\"},\"wordCount\":544,\"publisher\":{\"@id\":\"https:\\\/\\\/harjedalensak.se\\\/#organization\"},\"image\":{\"@id\":\"https:\\\/\\\/harjedalensak.se\\\/?p=283#primaryimage\"},\"thumbnailUrl\":\"https:\\\/\\\/harjedalensak.se\\\/wp-content\\\/uploads\\\/2026\\\/08\\\/WhatsApp-Image-2026-08-07-at-17.29.20-1024x473.jpeg\",\"articleSection\":[\"Sn\u00f6skoter\"],\"inLanguage\":\"sv-SE\"},{\"@type\":\"WebPage\",\"@id\":\"https:\\\/\\\/harjedalensak.se\\\/?p=283\",\"url\":\"https:\\\/\\\/harjedalensak.se\\\/?p=283\",\"name\":\"HAK-f\u00f6rare avslutade Dala Watercross Cup med dramatik - H\u00e4rjedalens automobilklubb\",\"isPartOf\":{\"@id\":\"https:\\\/\\\/harjedalensak.se\\\/#website\"},\"primaryImageOfPage\":{\"@id\":\"https:\\\/\\\/harjedalensak.se\\\/?p=283#primaryimage\"},\"image\":{\"@id\":\"https:\\\/\\\/harjedalensak.se\\\/?p=283#primaryimage\"},\"thumbnailUrl\":\"https:\\\/\\\/harjedalensak.se\\\/wp-content\\\/uploads\\\/2026\\\/08\\\/WhatsApp-Image-2026-08-07-at-17.29.20-1024x473.jpeg\",\"datePublished\":\"2026-08-13T09:52:06+00:00\",\"dateModified\":\"2026-08-24T09:54:06+00:00\",\"description\":\"S\u00e4songens sista delt\u00e4vling i Dala Watercross Cup blev en minst sagt h\u00e4ndelserik dag f\u00f6r H\u00e4rjedalens AK. P\u00e5 startlinjen fanns v\u00e5ra f\u00f6rare Jon Liljedahl, Felix Eriksson och M\u00e5ns Hedberg,\",\"breadcrumb\":{\"@id\":\"https:\\\/\\\/harjedalensak.se\\\/?p=283#breadcrumb\"},\"inLanguage\":\"sv-SE\",\"potentialAction\":[{\"@type\":\"ReadAction\",\"target\":[\"https:\\\/\\\/harjedalensak.se\\\/?p=283\"]}]},{\"@type\":\"ImageObject\",\"inLanguage\":\"sv-SE\",\"@id\":\"https:\\\/\\\/harjedalensak.se\\\/?p=283#primaryimage\",\"url\":\"https:\\\/\\\/harjedalensak.se\\\/wp-content\\\/uploads\\\/2026\\\/08\\\/WhatsApp-Image-2026-08-07-at-17.29.20.jpeg\",\"contentUrl\":\"https:\\\/\\\/harjedalensak.se\\\/wp-content\\\/uploads\\\/2026\\\/08\\\/WhatsApp-Image-2026-08-07-at-17.29.20.jpeg\",\"width\":1600,\"height\":739},{\"@type\":\"BreadcrumbList\",\"@id\":\"https:\\\/\\\/harjedalensak.se\\\/?p=283#breadcrumb\",\"itemListElement\":[{\"@type\":\"ListItem\",\"position\":1,\"name\":\"Hem\",\"item\":\"https:\\\/\\\/harjedalensak.se\\\/\"},{\"@type\":\"ListItem\",\"position\":2,\"name\":\"HAK-f\u00f6rare avslutade Dala Watercross Cup med dramatik och serieseger\"}]},{\"@type\":\"WebSite\",\"@id\":\"https:\\\/\\\/harjedalensak.se\\\/#website\",\"url\":\"https:\\\/\\\/harjedalensak.se\\\/\",\"name\":\"H\u00e4rjedalens automobilklubb\",\"description\":\"H\u00e4rjedalens Automobilklubb\",\"publisher\":{\"@id\":\"https:\\\/\\\/harjedalensak.se\\\/#organization\"},\"potentialAction\":[{\"@type\":\"SearchAction\",\"target\":{\"@type\":\"EntryPoint\",\"urlTemplate\":\"https:\\\/\\\/harjedalensak.se\\\/?s={search_term_string}\"},\"query-input\":{\"@type\":\"PropertyValueSpecification\",\"valueRequired\":true,\"valueName\":\"search_term_string\"}}],\"inLanguage\":\"sv-SE\"},{\"@type\":\"Organization\",\"@id\":\"https:\\\/\\\/harjedalensak.se\\\/#organization\",\"name\":\"H\u00e4rjedalens automobilklubb\",\"url\":\"https:\\\/\\\/harjedalensak.se\\\/\",\"logo\":{\"@type\":\"ImageObject\",\"inLanguage\":\"sv-SE\",\"@id\":\"https:\\\/\\\/harjedalensak.se\\\/#\\\/schema\\\/logo\\\/image\\\/\",\"url\":\"https:\\\/\\\/harjedalensak.se\\\/wp-content\\\/uploads\\\/2026\\\/02\\\/347918764_475657271410900_7342131693801944877_n.png\",\"contentUrl\":\"https:\\\/\\\/harjedalensak.se\\\/wp-content\\\/uploads\\\/2026\\\/02\\\/347918764_475657271410900_7342131693801944877_n.png\",\"width\":509,\"height\":501,\"caption\":\"H\u00e4rjedalens automobilklubb\"},\"image\":{\"@id\":\"https:\\\/\\\/harjedalensak.se\\\/#\\\/schema\\\/logo\\\/image\\\/\"}},{\"@type\":\"Person\",\"@id\":\"https:\\\/\\\/harjedalensak.se\\\/#\\\/schema\\\/person\\\/ffc3b3a3d0fe617639e83c1b4fa7f321\",\"name\":\"admin\",\"image\":{\"@type\":\"ImageObject\",\"inLanguage\":\"sv-SE\",\"@id\":\"https:\\\/\\\/secure.gravatar.com\\\/avatar\\\/049a4d267697d2c92c54d0b1667357fb00d66839add57ec4a5d2259f26092f6b?s=96&d=mm&r=g\",\"url\":\"https:\\\/\\\/secure.gravatar.com\\\/avatar\\\/049a4d267697d2c92c54d0b1667357fb00d66839add57ec4a5d2259f26092f6b?s=96&d=mm&r=g\",\"contentUrl\":\"https:\\\/\\\/secure.gravatar.com\\\/avatar\\\/049a4d267697d2c92c54d0b1667357fb00d66839add57ec4a5d2259f26092f6b?s=96&d=mm&r=g\",\"caption\":\"admin\"},\"sameAs\":[\"https:\\\/\\\/harjedalensak.se\"],\"url\":\"https:\\\/\\\/harjedalensak.se\\\/?author=1\"}]}<\/script>\n<!-- \/ Yoast SEO plugin. -->","yoast_head_json":{"title":"HAK-f\u00f6rare avslutade Dala Watercross Cup med dramatik - H\u00e4rjedalens automobilklubb","description":"S\u00e4songens sista delt\u00e4vling i Dala Watercross Cup blev en minst sagt h\u00e4ndelserik dag f\u00f6r H\u00e4rjedalens AK. P\u00e5 startlinjen fanns v\u00e5ra f\u00f6rare Jon Liljedahl, Felix Eriksson och M\u00e5ns Hedberg,","robots":{"index":"index","follow":"follow","max-snippet":"max-snippet:-1","max-image-preview":"max-image-preview:large","max-video-preview":"max-video-preview:-1"},"canonical":"https:\/\/harjedalensak.se\/?p=283","og_locale":"sv_SE","og_type":"article","og_title":"HAK-f\u00f6rare avslutade Dala Watercross Cup med dramatik - H\u00e4rjedalens automobilklubb","og_description":"S\u00e4songens sista delt\u00e4vling i Dala Watercross Cup blev en minst sagt h\u00e4ndelserik dag f\u00f6r H\u00e4rjedalens AK. P\u00e5 startlinjen fanns v\u00e5ra f\u00f6rare Jon Liljedahl, Felix Eriksson och M\u00e5ns Hedberg,","og_url":"https:\/\/harjedalensak.se\/?p=283","og_site_name":"H\u00e4rjedalens automobilklubb","article_published_time":"2026-08-13T09:52:06+00:00","article_modified_time":"2026-08-24T09:54:06+00:00","og_image":[{"url":"https:\/\/harjedalensak.se\/wp-content\/uploads\/2026\/08\/WhatsApp-Image-2026-08-07-at-17.29.20-1024x473.jpeg","type":"","width":"","height":""}],"author":"admin","twitter_card":"summary_large_image","twitter_misc":{"Skriven av":"admin","Ber\u00e4knad l\u00e4stid":"4 minuter"},"schema":{"@context":"https:\/\/schema.org","@graph":[{"@type":"Article","@id":"https:\/\/harjedalensak.se\/?p=283#article","isPartOf":{"@id":"https:\/\/harjedalensak.se\/?p=283"},"author":{"name":"admin","@id":"https:\/\/harjedalensak.se\/#\/schema\/person\/ffc3b3a3d0fe617639e83c1b4fa7f321"},"headline":"HAK-f\u00f6rare avslutade Dala Watercross Cup med dramatik och serieseger","datePublished":"2026-08-13T09:52:06+00:00","dateModified":"2026-08-24T09:54:06+00:00","mainEntityOfPage":{"@id":"https:\/\/harjedalensak.se\/?p=283"},"wordCount":544,"publisher":{"@id":"https:\/\/harjedalensak.se\/#organization"},"image":{"@id":"https:\/\/harjedalensak.se\/?p=283#primaryimage"},"thumbnailUrl":"https:\/\/harjedalensak.se\/wp-content\/uploads\/2026\/08\/WhatsApp-Image-2026-08-07-at-17.29.20-1024x473.jpeg","articleSection":["Sn\u00f6skoter"],"inLanguage":"sv-SE"},{"@type":"WebPage","@id":"https:\/\/harjedalensak.se\/?p=283","url":"https:\/\/harjedalensak.se\/?p=283","name":"HAK-f\u00f6rare avslutade Dala Watercross Cup med dramatik - H\u00e4rjedalens automobilklubb","isPartOf":{"@id":"https:\/\/harjedalensak.se\/#website"},"primaryImageOfPage":{"@id":"https:\/\/harjedalensak.se\/?p=283#primaryimage"},"image":{"@id":"https:\/\/harjedalensak.se\/?p=283#primaryimage"},"thumbnailUrl":"https:\/\/harjedalensak.se\/wp-content\/uploads\/2026\/08\/WhatsApp-Image-2026-08-07-at-17.29.20-1024x473.jpeg","datePublished":"2026-08-13T09:52:06+00:00","dateModified":"2026-08-24T09:54:06+00:00","description":"S\u00e4songens sista delt\u00e4vling i Dala Watercross Cup blev en minst sagt h\u00e4ndelserik dag f\u00f6r H\u00e4rjedalens AK. P\u00e5 startlinjen fanns v\u00e5ra f\u00f6rare Jon Liljedahl, Felix Eriksson och M\u00e5ns Hedberg,","breadcrumb":{"@id":"https:\/\/harjedalensak.se\/?p=283#breadcrumb"},"inLanguage":"sv-SE","potentialAction":[{"@type":"ReadAction","target":["https:\/\/harjedalensak.se\/?p=283"]}]},{"@type":"ImageObject","inLanguage":"sv-SE","@id":"https:\/\/harjedalensak.se\/?p=283#primaryimage","url":"https:\/\/harjedalensak.se\/wp-content\/uploads\/2026\/08\/WhatsApp-Image-2026-08-07-at-17.29.20.jpeg","contentUrl":"https:\/\/harjedalensak.se\/wp-content\/uploads\/2026\/08\/WhatsApp-Image-2026-08-07-at-17.29.20.jpeg","width":1600,"height":739},{"@type":"BreadcrumbList","@id":"https:\/\/harjedalensak.se\/?p=283#breadcrumb","itemListElement":[{"@type":"ListItem","position":1,"name":"Hem","item":"https:\/\/harjedalensak.se\/"},{"@type":"ListItem","position":2,"name":"HAK-f\u00f6rare avslutade Dala Watercross Cup med dramatik och serieseger"}]},{"@type":"WebSite","@id":"https:\/\/harjedalensak.se\/#website","url":"https:\/\/harjedalensak.se\/","name":"H\u00e4rjedalens automobilklubb","description":"H\u00e4rjedalens Automobilklubb","publisher":{"@id":"https:\/\/harjedalensak.se\/#organization"},"potentialAction":[{"@type":"SearchAction","target":{"@type":"EntryPoint","urlTemplate":"https:\/\/harjedalensak.se\/?s={search_term_string}"},"query-input":{"@type":"PropertyValueSpecification","valueRequired":true,"valueName":"search_term_string"}}],"inLanguage":"sv-SE"},{"@type":"Organization","@id":"https:\/\/harjedalensak.se\/#organization","name":"H\u00e4rjedalens automobilklubb","url":"https:\/\/harjedalensak.se\/","logo":{"@type":"ImageObject","inLanguage":"sv-SE","@id":"https:\/\/harjedalensak.se\/#\/schema\/logo\/image\/","url":"https:\/\/harjedalensak.se\/wp-content\/uploads\/2026\/02\/347918764_475657271410900_7342131693801944877_n.png","contentUrl":"https:\/\/harjedalensak.se\/wp-content\/uploads\/2026\/02\/347918764_475657271410900_7342131693801944877_n.png","width":509,"height":501,"caption":"H\u00e4rjedalens automobilklubb"},"image":{"@id":"https:\/\/harjedalensak.se\/#\/schema\/logo\/image\/"}},{"@type":"Person","@id":"https:\/\/harjedalensak.se\/#\/schema\/person\/ffc3b3a3d0fe617639e83c1b4fa7f321","name":"admin","image":{"@type":"ImageObject","inLanguage":"sv-SE","@id":"https:\/\/secure.gravatar.com\/avatar\/049a4d267697d2c92c54d0b1667357fb00d66839add57ec4a5d2259f26092f6b?s=96&d=mm&r=g","url":"https:\/\/secure.gravatar.com\/avatar\/049a4d267697d2c92c54d0b1667357fb00d66839add57ec4a5d2259f26092f6b?s=96&d=mm&r=g","contentUrl":"https:\/\/secure.gravatar.com\/avatar\/049a4d267697d2c92c54d0b1667357fb00d66839add57ec4a5d2259f26092f6b?s=96&d=mm&r=g","caption":"admin"},"sameAs":["https:\/\/harjedalensak.se"],"url":"https:\/\/harjedalensak.se\/?author=1"}]}},"jetpack_sharing_enabled":true,"jetpack_featured_media_url":"","_links":{"self":[{"href":"https:\/\/harjedalensak.se\/index.php?rest_route=\/wp\/v2\/posts\/283","targetHints":{"allow":["GET"]}}],"collection":[{"href":"https:\/\/harjedalensak.se\/index.php?rest_route=\/wp\/v2\/posts"}],"about":[{"href":"https:\/\/harjedalensak.se\/index.php?rest_route=\/wp\/v2\/types\/post"}],"author":[{"embeddable":true,"href":"https:\/\/harjedalensak.se\/index.php?rest_route=\/wp\/v2\/users\/1"}],"replies":[{"embeddable":true,"href":"https:\/\/harjedalensak.se\/index.php?rest_route=%2Fwp%2Fv2%2Fcomments&post=283"}],"version-history":[{"count":3,"href":"https:\/\/harjedalensak.se\/index.php?rest_route=\/wp\/v2\/posts\/283\/revisions"}],"predecessor-version":[{"id":290,"href":"https:\/\/harjedalensak.se\/index.php?rest_route=\/wp\/v2\/posts\/283\/revisions\/290"}],"wp:attachment":[{"href":"https:\/\/harjedalensak.se\/index.php?rest_route=%2Fwp%2Fv2%2Fmedia&parent=283"}],"wp:term":[{"taxonomy":"category","embeddable":true,"href":"https:\/\/harjedalensak.se\/index.php?rest_route=%2Fwp%2Fv2%2Fcategories&post=283"},{"taxonomy":"post_tag","embeddable":true,"href":"https:\/\/harjedalensak.se\/index.php?rest_route=%2Fwp%2Fv2%2Ftags&post=283"}],"curies":[{"name":"wp","href":"https:\/\/api.w.org\/{rel}","templated":true}]}}