{"id":292,"date":"2026-08-30T10:44:43","date_gmt":"2026-08-30T08:44:43","guid":{"rendered":"https:\/\/harjedalensak.se\/?p=292"},"modified":"2026-08-30T20:34:22","modified_gmt":"2026-08-30T18:34:22","slug":"jon-liljedal-avslutade-sm-sasongen-med-silver-i-watercross","status":"publish","type":"post","link":"https:\/\/harjedalensak.se\/?p=292","title":{"rendered":"Jon Liljedal avslutade SM-s\u00e4songen med silver i Watercross"},"content":{"rendered":"\n<h3 class=\"wp-block-heading\">Jon Liljedal kan summera en minst sagt h\u00e4ndelserik s\u00e4song i SM-serien i Watercross 2026.<\/h3>\n\n\n\n<p class=\"wp-block-paragraph\">Jon Liljedal kan summera en minst sagt h\u00e4ndelserik s\u00e4song i SM-serien i Watercross 2026. Efter en s\u00e4song som kantats av tekniska problem och rekordm\u00e5nga haverier stod Liljedal \u00e4nd\u00e5 p\u00e5 startlinjen i SM-finalen med chans att sl\u00e5ss om topplaceringarna<a href=\"https:\/\/harjedalensak.se\/?p=283\">.<\/a><\/p>\n\n\n\n<p class=\"wp-block-paragraph\">Inf\u00f6r den avslutande t\u00e4vlingen l\u00e5g Liljedal p\u00e5 tredje plats i m\u00e4sterskapet. F\u00f6r att ge sig sj\u00e4lv b\u00e4sta m\u00f6jliga f\u00f6ruts\u00e4ttningar hade maskinen \u00e5terigen blivitom byggt. Och inf\u00f6r finalen hade teamet dessutom inf\u00f6rt lustgas i maskinen. En satsning som skulle ge ytterligare kraft n\u00e4r det verkligen var beh\u00f6vd.<\/p>\n\n\n\n<p class=\"wp-block-paragraph\">Kvalen blev lyckade. Med resultaten 1\u20132\u20131 tog Liljedal sig direkt till A-final. D\u00e4r fick han ocks\u00e5 en dr\u00f6mstart och kunde g\u00e5 ut f\u00f6rst i starten och leda t\u00e4vlingen under drygt tre varv.<\/p>\n\n\n\n<p class=\"wp-block-paragraph\">Men dramatiken var inte \u00f6ver. Efter drygt tre varv drabbades maskinen av problem. Vilket resulterde att Liljedal att s\u00e4nkte i A finalen. Ett bittert avslut p\u00e5 sj\u00e4lva finalracet, men insatsen r\u00e4ckte \u00e4nd\u00e5 till en andraplats i SM-serien 2026.<\/p>\n\n\n\n<p class=\"wp-block-paragraph\">Den totala s\u00e4songen inneb\u00e4r d\u00e4rmed&nbsp;<strong>SM-silver<\/strong>&nbsp;f\u00f6r Jon Liljedal. Dessutom kunde han l\u00e4gga till en seger i Dalacupen, vilket g\u00f6r \u00e5rets resultat starkt trots alla tekniska motg\u00e5ngar.<\/p>\n\n\n\n<p class=\"wp-block-paragraph\">Liljedal lyfter s\u00e4rskilt fram m\u00e4nniskorna runt teamet \u2013 de som skruvar, sponsrar, hejar och st\u00e4ndigt arbetar f\u00f6r att utveckla b\u00e5de maskin och f\u00f6rare. Med SM-silvret i bagaget g\u00e5r teamet nu in i offseason, men m\u00e5let inf\u00f6r framtiden \u00e4r tydligt: n\u00e4sta g\u00e5ng \u00e4r det guldet som g\u00e4ller.<\/p>\n\n\n\n<p class=\"wp-block-paragraph\">Sm guldet knep veteranen Terje Staffansson samt segern av A finalen.<\/p>\n","protected":false},"excerpt":{"rendered":"<p>Jon Liljedal kan summera en minst sagt h\u00e4ndelserik s\u00e4song i SM-serien i Watercross 2026. Jon Liljedal kan summera<\/p>\n","protected":false},"author":1,"featured_media":274,"comment_status":"closed","ping_status":"closed","sticky":false,"template":"","format":"standard","meta":{"_jetpack_newsletter_access":"","_jetpack_dont_email_post_to_subs":false,"_jetpack_newsletter_tier_id":0,"_jetpack_memberships_contains_paywalled_content":false,"_jetpack_memberships_contains_paid_content":false,"footnotes":""},"categories":[4],"tags":[],"class_list":["post-292","post","type-post","status-publish","format-standard","has-post-thumbnail","hentry","category-snoskoter"],"yoast_head":"<!-- This site is optimized with the Yoast SEO plugin v28.3 - https:\/\/yoast.com\/product\/yoast-seo-wordpress\/ -->\n<title>Jon Liljedal avslutade SM-s\u00e4songen med silver i Watercross - H\u00e4rjedalens automobilklubb<\/title>\n<meta name=\"description\" content=\"Jon Liljedal kan summera en minst sagt h\u00e4ndelserik s\u00e4song i SM-serien i Watercross 2026. Efter en s\u00e4song som kantats av tekniska problem\" \/>\n<meta name=\"robots\" content=\"index, follow, max-snippet:-1, max-image-preview:large, max-video-preview:-1\" \/>\n<link rel=\"canonical\" href=\"https:\/\/harjedalensak.se\/?p=292\" \/>\n<meta property=\"og:locale\" content=\"sv_SE\" \/>\n<meta property=\"og:type\" content=\"article\" \/>\n<meta property=\"og:title\" content=\"Jon Liljedal avslutade SM-s\u00e4songen med silver i Watercross - H\u00e4rjedalens automobilklubb\" \/>\n<meta property=\"og:description\" content=\"Jon Liljedal kan summera en minst sagt h\u00e4ndelserik s\u00e4song i SM-serien i Watercross 2026. Efter en s\u00e4song som kantats av tekniska problem\" \/>\n<meta property=\"og:url\" content=\"https:\/\/harjedalensak.se\/?p=292\" \/>\n<meta property=\"og:site_name\" content=\"H\u00e4rjedalens automobilklubb\" \/>\n<meta property=\"article:published_time\" content=\"2026-08-30T08:44:43+00:00\" \/>\n<meta property=\"article:modified_time\" content=\"2026-08-30T18:34:22+00:00\" \/>\n<meta property=\"og:image\" content=\"https:\/\/harjedalensak.se\/wp-content\/uploads\/2026\/07\/Jon-dag-1-lycksele-1-1024x683.png\" \/>\n\t<meta property=\"og:image:width\" content=\"1024\" \/>\n\t<meta property=\"og:image:height\" content=\"683\" \/>\n\t<meta property=\"og:image:type\" content=\"image\/png\" \/>\n<meta name=\"author\" content=\"admin\" \/>\n<meta name=\"twitter:card\" content=\"summary_large_image\" \/>\n<meta name=\"twitter:label1\" content=\"Skriven av\" \/>\n\t<meta name=\"twitter:data1\" content=\"admin\" \/>\n\t<meta name=\"twitter:label2\" content=\"Ber\u00e4knad l\u00e4stid\" \/>\n\t<meta name=\"twitter:data2\" content=\"2 minuter\" \/>\n<script type=\"application\/ld+json\" class=\"yoast-schema-graph\">{\"@context\":\"https:\\\/\\\/schema.org\",\"@graph\":[{\"@type\":\"Article\",\"@id\":\"https:\\\/\\\/harjedalensak.se\\\/?p=292#article\",\"isPartOf\":{\"@id\":\"https:\\\/\\\/harjedalensak.se\\\/?p=292\"},\"author\":{\"name\":\"admin\",\"@id\":\"https:\\\/\\\/harjedalensak.se\\\/#\\\/schema\\\/person\\\/ffc3b3a3d0fe617639e83c1b4fa7f321\"},\"headline\":\"Jon Liljedal avslutade SM-s\u00e4songen med silver i Watercross\",\"datePublished\":\"2026-08-30T08:44:43+00:00\",\"dateModified\":\"2026-08-30T18:34:22+00:00\",\"mainEntityOfPage\":{\"@id\":\"https:\\\/\\\/harjedalensak.se\\\/?p=292\"},\"wordCount\":305,\"publisher\":{\"@id\":\"https:\\\/\\\/harjedalensak.se\\\/#organization\"},\"image\":{\"@id\":\"https:\\\/\\\/harjedalensak.se\\\/?p=292#primaryimage\"},\"thumbnailUrl\":\"https:\\\/\\\/harjedalensak.se\\\/wp-content\\\/uploads\\\/2026\\\/07\\\/Jon-dag-1-lycksele-1.png\",\"articleSection\":[\"Sn\u00f6skoter\"],\"inLanguage\":\"sv-SE\"},{\"@type\":\"WebPage\",\"@id\":\"https:\\\/\\\/harjedalensak.se\\\/?p=292\",\"url\":\"https:\\\/\\\/harjedalensak.se\\\/?p=292\",\"name\":\"Jon Liljedal avslutade SM-s\u00e4songen med silver i Watercross - H\u00e4rjedalens automobilklubb\",\"isPartOf\":{\"@id\":\"https:\\\/\\\/harjedalensak.se\\\/#website\"},\"primaryImageOfPage\":{\"@id\":\"https:\\\/\\\/harjedalensak.se\\\/?p=292#primaryimage\"},\"image\":{\"@id\":\"https:\\\/\\\/harjedalensak.se\\\/?p=292#primaryimage\"},\"thumbnailUrl\":\"https:\\\/\\\/harjedalensak.se\\\/wp-content\\\/uploads\\\/2026\\\/07\\\/Jon-dag-1-lycksele-1.png\",\"datePublished\":\"2026-08-30T08:44:43+00:00\",\"dateModified\":\"2026-08-30T18:34:22+00:00\",\"description\":\"Jon Liljedal kan summera en minst sagt h\u00e4ndelserik s\u00e4song i SM-serien i Watercross 2026. Efter en s\u00e4song som kantats av tekniska problem\",\"breadcrumb\":{\"@id\":\"https:\\\/\\\/harjedalensak.se\\\/?p=292#breadcrumb\"},\"inLanguage\":\"sv-SE\",\"potentialAction\":[{\"@type\":\"ReadAction\",\"target\":[\"https:\\\/\\\/harjedalensak.se\\\/?p=292\"]}]},{\"@type\":\"ImageObject\",\"inLanguage\":\"sv-SE\",\"@id\":\"https:\\\/\\\/harjedalensak.se\\\/?p=292#primaryimage\",\"url\":\"https:\\\/\\\/harjedalensak.se\\\/wp-content\\\/uploads\\\/2026\\\/07\\\/Jon-dag-1-lycksele-1.png\",\"contentUrl\":\"https:\\\/\\\/harjedalensak.se\\\/wp-content\\\/uploads\\\/2026\\\/07\\\/Jon-dag-1-lycksele-1.png\",\"width\":1536,\"height\":1024,\"caption\":\"Sm Silver\"},{\"@type\":\"BreadcrumbList\",\"@id\":\"https:\\\/\\\/harjedalensak.se\\\/?p=292#breadcrumb\",\"itemListElement\":[{\"@type\":\"ListItem\",\"position\":1,\"name\":\"Hem\",\"item\":\"https:\\\/\\\/harjedalensak.se\\\/\"},{\"@type\":\"ListItem\",\"position\":2,\"name\":\"Jon Liljedal avslutade SM-s\u00e4songen med silver i Watercross\"}]},{\"@type\":\"WebSite\",\"@id\":\"https:\\\/\\\/harjedalensak.se\\\/#website\",\"url\":\"https:\\\/\\\/harjedalensak.se\\\/\",\"name\":\"H\u00e4rjedalens automobilklubb\",\"description\":\"H\u00e4rjedalens Automobilklubb\",\"publisher\":{\"@id\":\"https:\\\/\\\/harjedalensak.se\\\/#organization\"},\"potentialAction\":[{\"@type\":\"SearchAction\",\"target\":{\"@type\":\"EntryPoint\",\"urlTemplate\":\"https:\\\/\\\/harjedalensak.se\\\/?s={search_term_string}\"},\"query-input\":{\"@type\":\"PropertyValueSpecification\",\"valueRequired\":true,\"valueName\":\"search_term_string\"}}],\"inLanguage\":\"sv-SE\"},{\"@type\":\"Organization\",\"@id\":\"https:\\\/\\\/harjedalensak.se\\\/#organization\",\"name\":\"H\u00e4rjedalens automobilklubb\",\"url\":\"https:\\\/\\\/harjedalensak.se\\\/\",\"logo\":{\"@type\":\"ImageObject\",\"inLanguage\":\"sv-SE\",\"@id\":\"https:\\\/\\\/harjedalensak.se\\\/#\\\/schema\\\/logo\\\/image\\\/\",\"url\":\"https:\\\/\\\/harjedalensak.se\\\/wp-content\\\/uploads\\\/2026\\\/02\\\/347918764_475657271410900_7342131693801944877_n.png\",\"contentUrl\":\"https:\\\/\\\/harjedalensak.se\\\/wp-content\\\/uploads\\\/2026\\\/02\\\/347918764_475657271410900_7342131693801944877_n.png\",\"width\":509,\"height\":501,\"caption\":\"H\u00e4rjedalens automobilklubb\"},\"image\":{\"@id\":\"https:\\\/\\\/harjedalensak.se\\\/#\\\/schema\\\/logo\\\/image\\\/\"}},{\"@type\":\"Person\",\"@id\":\"https:\\\/\\\/harjedalensak.se\\\/#\\\/schema\\\/person\\\/ffc3b3a3d0fe617639e83c1b4fa7f321\",\"name\":\"admin\",\"image\":{\"@type\":\"ImageObject\",\"inLanguage\":\"sv-SE\",\"@id\":\"https:\\\/\\\/secure.gravatar.com\\\/avatar\\\/049a4d267697d2c92c54d0b1667357fb00d66839add57ec4a5d2259f26092f6b?s=96&d=mm&r=g\",\"url\":\"https:\\\/\\\/secure.gravatar.com\\\/avatar\\\/049a4d267697d2c92c54d0b1667357fb00d66839add57ec4a5d2259f26092f6b?s=96&d=mm&r=g\",\"contentUrl\":\"https:\\\/\\\/secure.gravatar.com\\\/avatar\\\/049a4d267697d2c92c54d0b1667357fb00d66839add57ec4a5d2259f26092f6b?s=96&d=mm&r=g\",\"caption\":\"admin\"},\"sameAs\":[\"https:\\\/\\\/harjedalensak.se\"],\"url\":\"https:\\\/\\\/harjedalensak.se\\\/?author=1\"}]}<\/script>\n<!-- \/ Yoast SEO plugin. -->","yoast_head_json":{"title":"Jon Liljedal avslutade SM-s\u00e4songen med silver i Watercross - H\u00e4rjedalens automobilklubb","description":"Jon Liljedal kan summera en minst sagt h\u00e4ndelserik s\u00e4song i SM-serien i Watercross 2026. Efter en s\u00e4song som kantats av tekniska problem","robots":{"index":"index","follow":"follow","max-snippet":"max-snippet:-1","max-image-preview":"max-image-preview:large","max-video-preview":"max-video-preview:-1"},"canonical":"https:\/\/harjedalensak.se\/?p=292","og_locale":"sv_SE","og_type":"article","og_title":"Jon Liljedal avslutade SM-s\u00e4songen med silver i Watercross - H\u00e4rjedalens automobilklubb","og_description":"Jon Liljedal kan summera en minst sagt h\u00e4ndelserik s\u00e4song i SM-serien i Watercross 2026. Efter en s\u00e4song som kantats av tekniska problem","og_url":"https:\/\/harjedalensak.se\/?p=292","og_site_name":"H\u00e4rjedalens automobilklubb","article_published_time":"2026-08-30T08:44:43+00:00","article_modified_time":"2026-08-30T18:34:22+00:00","og_image":[{"width":1024,"height":683,"url":"https:\/\/harjedalensak.se\/wp-content\/uploads\/2026\/07\/Jon-dag-1-lycksele-1-1024x683.png","type":"image\/png"}],"author":"admin","twitter_card":"summary_large_image","twitter_misc":{"Skriven av":"admin","Ber\u00e4knad l\u00e4stid":"2 minuter"},"schema":{"@context":"https:\/\/schema.org","@graph":[{"@type":"Article","@id":"https:\/\/harjedalensak.se\/?p=292#article","isPartOf":{"@id":"https:\/\/harjedalensak.se\/?p=292"},"author":{"name":"admin","@id":"https:\/\/harjedalensak.se\/#\/schema\/person\/ffc3b3a3d0fe617639e83c1b4fa7f321"},"headline":"Jon Liljedal avslutade SM-s\u00e4songen med silver i Watercross","datePublished":"2026-08-30T08:44:43+00:00","dateModified":"2026-08-30T18:34:22+00:00","mainEntityOfPage":{"@id":"https:\/\/harjedalensak.se\/?p=292"},"wordCount":305,"publisher":{"@id":"https:\/\/harjedalensak.se\/#organization"},"image":{"@id":"https:\/\/harjedalensak.se\/?p=292#primaryimage"},"thumbnailUrl":"https:\/\/harjedalensak.se\/wp-content\/uploads\/2026\/07\/Jon-dag-1-lycksele-1.png","articleSection":["Sn\u00f6skoter"],"inLanguage":"sv-SE"},{"@type":"WebPage","@id":"https:\/\/harjedalensak.se\/?p=292","url":"https:\/\/harjedalensak.se\/?p=292","name":"Jon Liljedal avslutade SM-s\u00e4songen med silver i Watercross - H\u00e4rjedalens automobilklubb","isPartOf":{"@id":"https:\/\/harjedalensak.se\/#website"},"primaryImageOfPage":{"@id":"https:\/\/harjedalensak.se\/?p=292#primaryimage"},"image":{"@id":"https:\/\/harjedalensak.se\/?p=292#primaryimage"},"thumbnailUrl":"https:\/\/harjedalensak.se\/wp-content\/uploads\/2026\/07\/Jon-dag-1-lycksele-1.png","datePublished":"2026-08-30T08:44:43+00:00","dateModified":"2026-08-30T18:34:22+00:00","description":"Jon Liljedal kan summera en minst sagt h\u00e4ndelserik s\u00e4song i SM-serien i Watercross 2026. Efter en s\u00e4song som kantats av tekniska problem","breadcrumb":{"@id":"https:\/\/harjedalensak.se\/?p=292#breadcrumb"},"inLanguage":"sv-SE","potentialAction":[{"@type":"ReadAction","target":["https:\/\/harjedalensak.se\/?p=292"]}]},{"@type":"ImageObject","inLanguage":"sv-SE","@id":"https:\/\/harjedalensak.se\/?p=292#primaryimage","url":"https:\/\/harjedalensak.se\/wp-content\/uploads\/2026\/07\/Jon-dag-1-lycksele-1.png","contentUrl":"https:\/\/harjedalensak.se\/wp-content\/uploads\/2026\/07\/Jon-dag-1-lycksele-1.png","width":1536,"height":1024,"caption":"Sm Silver"},{"@type":"BreadcrumbList","@id":"https:\/\/harjedalensak.se\/?p=292#breadcrumb","itemListElement":[{"@type":"ListItem","position":1,"name":"Hem","item":"https:\/\/harjedalensak.se\/"},{"@type":"ListItem","position":2,"name":"Jon Liljedal avslutade SM-s\u00e4songen med silver i Watercross"}]},{"@type":"WebSite","@id":"https:\/\/harjedalensak.se\/#website","url":"https:\/\/harjedalensak.se\/","name":"H\u00e4rjedalens automobilklubb","description":"H\u00e4rjedalens Automobilklubb","publisher":{"@id":"https:\/\/harjedalensak.se\/#organization"},"potentialAction":[{"@type":"SearchAction","target":{"@type":"EntryPoint","urlTemplate":"https:\/\/harjedalensak.se\/?s={search_term_string}"},"query-input":{"@type":"PropertyValueSpecification","valueRequired":true,"valueName":"search_term_string"}}],"inLanguage":"sv-SE"},{"@type":"Organization","@id":"https:\/\/harjedalensak.se\/#organization","name":"H\u00e4rjedalens automobilklubb","url":"https:\/\/harjedalensak.se\/","logo":{"@type":"ImageObject","inLanguage":"sv-SE","@id":"https:\/\/harjedalensak.se\/#\/schema\/logo\/image\/","url":"https:\/\/harjedalensak.se\/wp-content\/uploads\/2026\/02\/347918764_475657271410900_7342131693801944877_n.png","contentUrl":"https:\/\/harjedalensak.se\/wp-content\/uploads\/2026\/02\/347918764_475657271410900_7342131693801944877_n.png","width":509,"height":501,"caption":"H\u00e4rjedalens automobilklubb"},"image":{"@id":"https:\/\/harjedalensak.se\/#\/schema\/logo\/image\/"}},{"@type":"Person","@id":"https:\/\/harjedalensak.se\/#\/schema\/person\/ffc3b3a3d0fe617639e83c1b4fa7f321","name":"admin","image":{"@type":"ImageObject","inLanguage":"sv-SE","@id":"https:\/\/secure.gravatar.com\/avatar\/049a4d267697d2c92c54d0b1667357fb00d66839add57ec4a5d2259f26092f6b?s=96&d=mm&r=g","url":"https:\/\/secure.gravatar.com\/avatar\/049a4d267697d2c92c54d0b1667357fb00d66839add57ec4a5d2259f26092f6b?s=96&d=mm&r=g","contentUrl":"https:\/\/secure.gravatar.com\/avatar\/049a4d267697d2c92c54d0b1667357fb00d66839add57ec4a5d2259f26092f6b?s=96&d=mm&r=g","caption":"admin"},"sameAs":["https:\/\/harjedalensak.se"],"url":"https:\/\/harjedalensak.se\/?author=1"}]}},"jetpack_sharing_enabled":true,"jetpack_featured_media_url":"https:\/\/harjedalensak.se\/wp-content\/uploads\/2026\/07\/Jon-dag-1-lycksele-1.png","_links":{"self":[{"href":"https:\/\/harjedalensak.se\/index.php?rest_route=\/wp\/v2\/posts\/292","targetHints":{"allow":["GET"]}}],"collection":[{"href":"https:\/\/harjedalensak.se\/index.php?rest_route=\/wp\/v2\/posts"}],"about":[{"href":"https:\/\/harjedalensak.se\/index.php?rest_route=\/wp\/v2\/types\/post"}],"author":[{"embeddable":true,"href":"https:\/\/harjedalensak.se\/index.php?rest_route=\/wp\/v2\/users\/1"}],"replies":[{"embeddable":true,"href":"https:\/\/harjedalensak.se\/index.php?rest_route=%2Fwp%2Fv2%2Fcomments&post=292"}],"version-history":[{"count":1,"href":"https:\/\/harjedalensak.se\/index.php?rest_route=\/wp\/v2\/posts\/292\/revisions"}],"predecessor-version":[{"id":293,"href":"https:\/\/harjedalensak.se\/index.php?rest_route=\/wp\/v2\/posts\/292\/revisions\/293"}],"wp:featuredmedia":[{"embeddable":true,"href":"https:\/\/harjedalensak.se\/index.php?rest_route=\/wp\/v2\/media\/274"}],"wp:attachment":[{"href":"https:\/\/harjedalensak.se\/index.php?rest_route=%2Fwp%2Fv2%2Fmedia&parent=292"}],"wp:term":[{"taxonomy":"category","embeddable":true,"href":"https:\/\/harjedalensak.se\/index.php?rest_route=%2Fwp%2Fv2%2Fcategories&post=292"},{"taxonomy":"post_tag","embeddable":true,"href":"https:\/\/harjedalensak.se\/index.php?rest_route=%2Fwp%2Fv2%2Ftags&post=292"}],"curies":[{"name":"wp","href":"https:\/\/api.w.org\/{rel}","templated":true}]}}